{"id":447,"date":"2018-01-25T11:02:33","date_gmt":"2018-01-25T11:02:33","guid":{"rendered":"https:\/\/hermandaddelrociodevillamanrique.es\/?p=447"},"modified":"2018-01-25T11:02:33","modified_gmt":"2018-01-25T11:02:33","slug":"misa-de-difuntos-de-enero-de-2018","status":"publish","type":"post","link":"https:\/\/hermandaddelrociodevillamanrique.es\/?p=447","title":{"rendered":"MISA DE DIFUNTOS DE ENERO DE 2018"},"content":{"rendered":"<p style=\"text-align: justify;\">&nbsp;&nbsp;&nbsp;&nbsp; La Primera y M\u00e1s Antigua Hermandad de Nuestra Se\u00f1ora del Roc\u00edo de Villamanrique de la Condesa informa que la Misa mensual de Difuntos correspondiente al presente mes de Enero se celebrar\u00e1 el pr\u00f3ximo Viernes d\u00eda 26 y ser\u00e1 dedicada especialmente a los hermanos D. Jos\u00e9 Luis Mu\u00f1oz Sol\u00eds, D\u00f1a. Victoria Delgado Mu\u00f1oz y D. Mauro Peulach Jap\u00f3n.<\/p>\n<p style=\"text-align: justify;\">&nbsp;&nbsp;&nbsp;&nbsp; La Santa Misa por el descanso eterno de los hermanos fallecidos tendr\u00e1 lugar a las 19:30h. de la tarde en la Iglesia Parroquial Santa Mar\u00eda Magdalena y ser\u00e1 oficiada por nuestro p\u00e1rroco y capell\u00e1n D. Juan Jes\u00fas Romero Vel\u00e1zquez.<\/p>\n<p style=\"text-align: justify;\">&nbsp;&nbsp;&nbsp;&nbsp; Rogamos a la Sant\u00edsima Virgen del Roc\u00edo que interceda por las almas de nuestros hermanos y puedan gozar de la presencia de su bendito hijo en las marismas azules del cielo.<\/p>\n<p><img fetchpriority=\"high\" decoding=\"async\" class=\" size-full wp-image-328\" src=\"https:\/\/hermandaddelrociodevillamanrique.es\/wp-content\/uploads\/2016\/10\/misa-difuntos.jpg\" alt=\"misa difuntos\" style=\"display: block; margin-left: auto; margin-right: auto;\" width=\"384\" height=\"432\" \/><\/p>\n","protected":false},"excerpt":{"rendered":"<p>&nbsp;&nbsp;&nbsp;&nbsp; La Primera y M\u00e1s Antigua Hermandad de Nuestra Se\u00f1ora del Roc\u00edo de Villamanrique de la Condesa informa que la Misa mensual de Difuntos correspondiente al presente mes de Enero se celebrar\u00e1 el pr\u00f3ximo Viernes d\u00eda 26 y ser\u00e1 dedicada especialmente a los hermanos D. Jos\u00e9 Luis Mu\u00f1oz Sol\u00eds, D\u00f1a. Victoria Delgado Mu\u00f1oz y D. [&hellip;]<\/p>\n","protected":false},"author":1,"featured_media":328,"comment_status":"open","ping_status":"closed","sticky":false,"template":"","format":"standard","meta":{"site-sidebar-layout":"default","site-content-layout":"","ast-site-content-layout":"default","site-content-style":"default","site-sidebar-style":"default","ast-global-header-display":"","ast-banner-title-visibility":"","ast-main-header-display":"","ast-hfb-above-header-display":"","ast-hfb-below-header-display":"","ast-hfb-mobile-header-display":"","site-post-title":"","ast-breadcrumbs-content":"","ast-featured-img":"","footer-sml-layout":"","ast-disable-related-posts":"","theme-transparent-header-meta":"","adv-header-id-meta":"","stick-header-meta":"","header-above-stick-meta":"","header-main-stick-meta":"","header-below-stick-meta":"","astra-migrate-meta-layouts":"default","ast-page-background-enabled":"default","ast-page-background-meta":{"desktop":{"background-color":"","background-image":"","background-repeat":"repeat","background-position":"center center","background-size":"auto","background-attachment":"scroll","background-type":"","background-media":"","overlay-type":"","overlay-color":"","overlay-opacity":"","overlay-gradient":""},"tablet":{"background-color":"","background-image":"","background-repeat":"repeat","background-position":"center center","background-size":"auto","background-attachment":"scroll","background-type":"","background-media":"","overlay-type":"","overlay-color":"","overlay-opacity":"","overlay-gradient":""},"mobile":{"background-color":"","background-image":"","background-repeat":"repeat","background-position":"center center","background-size":"auto","background-attachment":"scroll","background-type":"","background-media":"","overlay-type":"","overlay-color":"","overlay-opacity":"","overlay-gradient":""}},"ast-content-background-meta":{"desktop":{"background-color":"var(--ast-global-color-5)","background-image":"","background-repeat":"repeat","background-position":"center center","background-size":"auto","background-attachment":"scroll","background-type":"","background-media":"","overlay-type":"","overlay-color":"","overlay-opacity":"","overlay-gradient":""},"tablet":{"background-color":"var(--ast-global-color-5)","background-image":"","background-repeat":"repeat","background-position":"center center","background-size":"auto","background-attachment":"scroll","background-type":"","background-media":"","overlay-type":"","overlay-color":"","overlay-opacity":"","overlay-gradient":""},"mobile":{"background-color":"var(--ast-global-color-5)","background-image":"","background-repeat":"repeat","background-position":"center center","background-size":"auto","background-attachment":"scroll","background-type":"","background-media":"","overlay-type":"","overlay-color":"","overlay-opacity":"","overlay-gradient":""}},"footnotes":""},"categories":[14],"tags":[],"class_list":["post-447","post","type-post","status-publish","format-standard","has-post-thumbnail","hentry","category-noticias"],"_links":{"self":[{"href":"https:\/\/hermandaddelrociodevillamanrique.es\/index.php?rest_route=\/wp\/v2\/posts\/447","targetHints":{"allow":["GET"]}}],"collection":[{"href":"https:\/\/hermandaddelrociodevillamanrique.es\/index.php?rest_route=\/wp\/v2\/posts"}],"about":[{"href":"https:\/\/hermandaddelrociodevillamanrique.es\/index.php?rest_route=\/wp\/v2\/types\/post"}],"author":[{"embeddable":true,"href":"https:\/\/hermandaddelrociodevillamanrique.es\/index.php?rest_route=\/wp\/v2\/users\/1"}],"replies":[{"embeddable":true,"href":"https:\/\/hermandaddelrociodevillamanrique.es\/index.php?rest_route=%2Fwp%2Fv2%2Fcomments&post=447"}],"version-history":[{"count":0,"href":"https:\/\/hermandaddelrociodevillamanrique.es\/index.php?rest_route=\/wp\/v2\/posts\/447\/revisions"}],"wp:featuredmedia":[{"embeddable":true,"href":"https:\/\/hermandaddelrociodevillamanrique.es\/index.php?rest_route=\/wp\/v2\/media\/328"}],"wp:attachment":[{"href":"https:\/\/hermandaddelrociodevillamanrique.es\/index.php?rest_route=%2Fwp%2Fv2%2Fmedia&parent=447"}],"wp:term":[{"taxonomy":"category","embeddable":true,"href":"https:\/\/hermandaddelrociodevillamanrique.es\/index.php?rest_route=%2Fwp%2Fv2%2Fcategories&post=447"},{"taxonomy":"post_tag","embeddable":true,"href":"https:\/\/hermandaddelrociodevillamanrique.es\/index.php?rest_route=%2Fwp%2Fv2%2Ftags&post=447"}],"curies":[{"name":"wp","href":"https:\/\/api.w.org\/{rel}","templated":true}]}}