{"id":1346,"date":"2023-04-14T06:37:05","date_gmt":"2023-04-14T06:37:05","guid":{"rendered":"https:\/\/hermandaddelrociodevillamanrique.es\/?p=1346"},"modified":"2023-04-14T06:42:54","modified_gmt":"2023-04-14T06:42:54","slug":"junta-general-extraordinaria-de-romeria","status":"publish","type":"post","link":"https:\/\/hermandaddelrociodevillamanrique.es\/?p=1346","title":{"rendered":"Junta General Extraordinaria de Romer\u00eda"},"content":{"rendered":"\t\t<div data-elementor-type=\"wp-post\" data-elementor-id=\"1346\" class=\"elementor elementor-1346\">\n\t\t\t\t\t\t<section class=\"elementor-section elementor-top-section elementor-element elementor-element-452b7325 elementor-section-boxed elementor-section-height-default elementor-section-height-default\" data-id=\"452b7325\" data-element_type=\"section\" data-e-type=\"section\">\n\t\t\t\t\t\t<div class=\"elementor-container elementor-column-gap-default\">\n\t\t\t\t\t<div class=\"elementor-column elementor-col-100 elementor-top-column elementor-element elementor-element-609b5e23\" data-id=\"609b5e23\" data-element_type=\"column\" data-e-type=\"column\">\n\t\t\t<div class=\"elementor-widget-wrap elementor-element-populated\">\n\t\t\t\t\t\t<div class=\"elementor-element elementor-element-7475810d elementor-widget elementor-widget-text-editor\" data-id=\"7475810d\" data-element_type=\"widget\" data-e-type=\"widget\" data-widget_type=\"text-editor.default\">\n\t\t\t\t<div class=\"elementor-widget-container\">\n\t\t\t\t\t\t\t\t\t<p><\/p>\n<p>PRIMERA, REAL, IMPERIAL, FERVOROSA, ILUSTRE Y M\u00c1S ANTIGUA HERMANDAD DE NUESTRA SE\u00d1ORA DEL ROC\u00cdO DE VILLAMANRIQUE DE LA CONDESA<br \/>CITACI\u00d3N PARA LA JUNTA GENERAL EXTRAORDINARIA DE ROMER\u00cdA<br \/>Querido Hermano\/a en la Blanca Paloma:<br \/>Por la presente te convocamos para que asistas a la Sesi\u00f3n de la Junta General Extraordinaria de Romer\u00eda, que tendr\u00e1 lugar en la Casa-Hermandad-Museo, C\/ Santiago, no 25, el pr\u00f3ximo viernes, d\u00eda 28 de Abril, a las 21:00 horas, en primera convocatoria, y a las 21:30 horas en segunda convocatoria, para tratar el siguiente<br \/>ORDEN DEL D\u00cdA:<br \/>1.- Preces a Nuestra Madre del Roc\u00edo.<br \/>2.- Lectura y aprobaci\u00f3n, si procede, del acta anterior<br \/>3.- Informe del Sr. Presidente.<br \/>4.- Programa de la Romer\u00eda 2023.<br \/>5.- Informe, si procede, de los miembros de Junta de Gobierno.<br \/>6.- Ruegos y preguntas.<br \/>Villamanrique de la Condesa, a 10 de abril de 2023<br \/>Vo Bo<br \/>EL PRESIDENTE LA SECRETARIA<br \/>Fdo.: Roque Espinar Cardoso Fdo.: Luc\u00eda Sol\u00eds Mu\u00f1oz<br \/>NOTA: Le recordamos a todos los Hermanos la obligaci\u00f3n de asistir a esta reuni\u00f3n.<\/p>\n<p><\/p>\n<p><\/p>\n<p>AVISO IMPORTANTE A LOS HERMANOS PARA LA ROMER\u00cdA 2023<\/p>\n<p><\/p>\n<p><\/p>\n<ul class=\"wp-block-list\">\n<li style=\"list-style-type: none;\">\n<ul><\/ul>\n<\/li>\n<\/ul>\n<p>\u00a0<\/p>\n<ul>\n<li style=\"list-style-type: none;\">\n<ul>\n<li>Se informa que las solicitudes de n\u00fameros para hacer el camino con la Hermandad s\u00f3lo podr\u00e1n ser concedidas a aquellas personas que sean hermanos de la Hermandad, siendo otorgado un solo n\u00famero por hermano con fecha anterior al Corpus 2022. Todo nuevo hermano a partir del Corpus 2022 debe tener una antig\u00fcedad de 5 a\u00f1os para solicitar n\u00famero. &#8211; Se requerir\u00e1n que sean 10 hermanos de la Hermandad para n\u00famero de carriola (150 euros) a solicitar de forma conjunta donde al menos una persona sea mayor de edad, 3 hermanos para n\u00famero de todoterrenos (70 euros) y 1 hermano para n\u00famero de charret (40 euros).<\/li>\n<\/ul>\n<\/li>\n<\/ul>\n<p><\/p>\n<p><\/p>\n<ul>\n<li style=\"list-style-type: none;\">\n<ul>\n<li>Como Novedad, este a\u00f1o se rellenar\u00e1 una preinscripci\u00f3n para solicitar el n\u00famero de camino, que se podr\u00e1 entregar tanto en la Casa Museo de la Calle Santiago no25 de Villamanrique de la Condesa, como por correo electr\u00f3nico a la direcci\u00f3n info@hermandaddelrociodevillamanrique.com antes del d\u00eda 3 de mayo.<\/li>\n<\/ul>\n<\/li>\n<\/ul>\n<p><\/p>\n<p><\/p>\n<ul>\n<li style=\"list-style-type: none;\">\n<ul>\n<li>TODO VEHICULO DE TRACCI\u00d3N MEC\u00c1NICA IR\u00c1 SIEMPRE DETR\u00c1S DE LA CARRETA EN UN CARRIL PARALELO A ELLA, CON EL SIGUIENTE ORDEN: PRIMERO LOS TRACTORES Y LUEGO LOS TODOTERRENOS SIN ROMPER LA FILA. EN EL CARRIL DE LA CARRETA IR\u00c1 LA TRACCI\u00d3N ANIMAL.<\/li>\n<\/ul>\n<\/li>\n<\/ul>\n<p><\/p>\n<p><\/p>\n<ul>\n<li style=\"list-style-type: none;\">\n<ul>\n<li>Se ruega que se cumplan con los d\u00edas y horas establecidos para la recogida de n\u00fameros ya<br \/>que tenemos un plazo para enviar las matr\u00edculas al Parque Nacional de Do\u00f1ana y a la Guardia Civil, y una vez cumplido ese plazo aqu\u00e9l hermano que no haya hecho constar su matr\u00edcula a la Hermandad, no tendr\u00e1 acceso al pase para transitar por la Raya Real.<\/li>\n<\/ul>\n<\/li>\n<\/ul>\n<p><\/p>\n<p><\/p>\n<ul>\n<li style=\"list-style-type: none;\">\n<ul>\n<li>Por supuesto, que tanto los animales como los veh\u00edculos que se utilicen para la Romer\u00eda deber\u00e1n cumplir cuanto determina la legislaci\u00f3n vigente para su uso y circulaci\u00f3n, as\u00ed como los conductores. Adem\u00e1s, podr\u00e1 ser denunciado aquel remolque que circule fuera de la caravana organizada por la Hermandad.<\/li>\n<\/ul>\n<\/li>\n<\/ul>\n<p><\/p>\n<p><\/p>\n<ul>\n<li style=\"list-style-type: none;\">\n<ul>\n<li>Est\u00e1 totalmente prohibido el enganche de dos remolques en un mismo veh\u00edculo de tracci\u00f3n mec\u00e1nica, al igual que quedan prohibidos los todoterrenos con jardineras que se usen para transportar personas, los todoterrenos pueden ir con carros de 2&#215;1.25, uso exclusivo de transporte de enseres.<\/li>\n<\/ul>\n<\/li>\n<\/ul>\n<p><\/p>\n<p><\/p>\n<ul>\n<li style=\"list-style-type: none;\">\n<ul>\n<li>Los hermanos de la Hermandad que est\u00e9n interesados en hacer uso del terreno que la misma adquirir\u00e1 para los d\u00edas de la Romer\u00eda en la Aldea, pueden solicitar informaci\u00f3n poni\u00e9ndose en contacto con el Consiliario o Vocal de Romer\u00eda.<br \/>TODA PERSONA QUE NO CUMPLA LAS NORMAS ESTABLECIDAS POR LA HERMANDAD, HORARIOS, SESTEOS, PERNOCTAS Y TRANSITO POR EL ESPACIO NATURAL, LO HAR\u00c1 BAJO SU PROPIA RESPONSABILIDAD.<br \/>Para cualquier duda o aclaraci\u00f3n, los tel\u00e9fonos de contacto son:<\/li>\n<\/ul>\n<\/li>\n<\/ul>\n<p><\/p>\n<p><\/p>\n<ul>\n<li style=\"list-style-type: none;\">\n<ul>\n<li>Consiliario de Romer\u00eda, Jos\u00e9 P\u00e9rez Vel\u00e1zquez: 699 43 69 06<\/li>\n<\/ul>\n<\/li>\n<\/ul>\n<p><\/p>\n<p><\/p>\n<ul>\n<li style=\"list-style-type: none;\">\n<ul>\n<li>Vocal de Romer\u00eda, Juan Jos\u00e9 Mu\u00f1oz Rodr\u00edguez: 685 17 26 98<br \/>O enviando consulta a: info@hermandaddelrociodevillamanrique.com<br \/>\u00a1\u00a1VIVA NUESTRA MADRE DEL ROCIO!! LA JUNTA DE GOBIERNO<\/li>\n<\/ul>\n<\/li>\n<\/ul>\n<p><\/p>\n<p><\/p>\t\t\t\t\t\t\t\t<\/div>\n\t\t\t\t<\/div>\n\t\t\t\t<div class=\"elementor-element elementor-element-a2722ab elementor-align-center elementor-widget elementor-widget-button\" data-id=\"a2722ab\" data-element_type=\"widget\" data-e-type=\"widget\" data-widget_type=\"button.default\">\n\t\t\t\t<div class=\"elementor-widget-container\">\n\t\t\t\t\t\t\t\t\t<div class=\"elementor-button-wrapper\">\n\t\t\t\t\t<a class=\"elementor-button elementor-button-link elementor-size-sm\" href=\"https:\/\/hermandaddelrociodevillamanrique.es\/wp-content\/uploads\/2023\/04\/CITACION-ASAMBLEA-ROMERIA-Y-AVISO-A-LOS-HERMANOS.pdf\">\n\t\t\t\t\t\t<span class=\"elementor-button-content-wrapper\">\n\t\t\t\t\t\t\t\t\t<span class=\"elementor-button-text\">Citaci\u00f3n<\/span>\n\t\t\t\t\t<\/span>\n\t\t\t\t\t<\/a>\n\t\t\t\t<\/div>\n\t\t\t\t\t\t\t\t<\/div>\n\t\t\t\t<\/div>\n\t\t\t\t\t<\/div>\n\t\t<\/div>\n\t\t\t\t\t<\/div>\n\t\t<\/section>\n\t\t\t\t<\/div>\n\t\t","protected":false},"excerpt":{"rendered":"<p>PRIMERA, REAL, IMPERIAL, FERVOROSA, ILUSTRE Y M\u00c1S ANTIGUA HERMANDAD DE NUESTRA SE\u00d1ORA DEL ROC\u00cdO DE VILLAMANRIQUE DE LA CONDESACITACI\u00d3N PARA LA JUNTA GENERAL EXTRAORDINARIA DE ROMER\u00cdAQuerido Hermano\/a en la Blanca Paloma:Por la presente te convocamos para que asistas a la Sesi\u00f3n de la Junta General Extraordinaria de Romer\u00eda, que tendr\u00e1 lugar en la Casa-Hermandad-Museo, C\/ [&hellip;]<\/p>\n","protected":false},"author":1,"featured_media":876,"comment_status":"open","ping_status":"closed","sticky":false,"template":"","format":"standard","meta":{"site-sidebar-layout":"default","site-content-layout":"","ast-site-content-layout":"default","site-content-style":"default","site-sidebar-style":"default","ast-global-header-display":"","ast-banner-title-visibility":"","ast-main-header-display":"","ast-hfb-above-header-display":"","ast-hfb-below-header-display":"","ast-hfb-mobile-header-display":"","site-post-title":"","ast-breadcrumbs-content":"","ast-featured-img":"","footer-sml-layout":"","ast-disable-related-posts":"","theme-transparent-header-meta":"","adv-header-id-meta":"","stick-header-meta":"","header-above-stick-meta":"","header-main-stick-meta":"","header-below-stick-meta":"","astra-migrate-meta-layouts":"default","ast-page-background-enabled":"default","ast-page-background-meta":{"desktop":{"background-color":"","background-image":"","background-repeat":"repeat","background-position":"center center","background-size":"auto","background-attachment":"scroll","background-type":"","background-media":"","overlay-type":"","overlay-color":"","overlay-opacity":"","overlay-gradient":""},"tablet":{"background-color":"","background-image":"","background-repeat":"repeat","background-position":"center center","background-size":"auto","background-attachment":"scroll","background-type":"","background-media":"","overlay-type":"","overlay-color":"","overlay-opacity":"","overlay-gradient":""},"mobile":{"background-color":"","background-image":"","background-repeat":"repeat","background-position":"center center","background-size":"auto","background-attachment":"scroll","background-type":"","background-media":"","overlay-type":"","overlay-color":"","overlay-opacity":"","overlay-gradient":""}},"ast-content-background-meta":{"desktop":{"background-color":"var(--ast-global-color-5)","background-image":"","background-repeat":"repeat","background-position":"center center","background-size":"auto","background-attachment":"scroll","background-type":"","background-media":"","overlay-type":"","overlay-color":"","overlay-opacity":"","overlay-gradient":""},"tablet":{"background-color":"var(--ast-global-color-5)","background-image":"","background-repeat":"repeat","background-position":"center center","background-size":"auto","background-attachment":"scroll","background-type":"","background-media":"","overlay-type":"","overlay-color":"","overlay-opacity":"","overlay-gradient":""},"mobile":{"background-color":"var(--ast-global-color-5)","background-image":"","background-repeat":"repeat","background-position":"center center","background-size":"auto","background-attachment":"scroll","background-type":"","background-media":"","overlay-type":"","overlay-color":"","overlay-opacity":"","overlay-gradient":""}},"footnotes":""},"categories":[1],"tags":[],"class_list":["post-1346","post","type-post","status-publish","format-standard","has-post-thumbnail","hentry","category-uncategorized"],"_links":{"self":[{"href":"https:\/\/hermandaddelrociodevillamanrique.es\/index.php?rest_route=\/wp\/v2\/posts\/1346","targetHints":{"allow":["GET"]}}],"collection":[{"href":"https:\/\/hermandaddelrociodevillamanrique.es\/index.php?rest_route=\/wp\/v2\/posts"}],"about":[{"href":"https:\/\/hermandaddelrociodevillamanrique.es\/index.php?rest_route=\/wp\/v2\/types\/post"}],"author":[{"embeddable":true,"href":"https:\/\/hermandaddelrociodevillamanrique.es\/index.php?rest_route=\/wp\/v2\/users\/1"}],"replies":[{"embeddable":true,"href":"https:\/\/hermandaddelrociodevillamanrique.es\/index.php?rest_route=%2Fwp%2Fv2%2Fcomments&post=1346"}],"version-history":[{"count":6,"href":"https:\/\/hermandaddelrociodevillamanrique.es\/index.php?rest_route=\/wp\/v2\/posts\/1346\/revisions"}],"predecessor-version":[{"id":1354,"href":"https:\/\/hermandaddelrociodevillamanrique.es\/index.php?rest_route=\/wp\/v2\/posts\/1346\/revisions\/1354"}],"wp:featuredmedia":[{"embeddable":true,"href":"https:\/\/hermandaddelrociodevillamanrique.es\/index.php?rest_route=\/wp\/v2\/media\/876"}],"wp:attachment":[{"href":"https:\/\/hermandaddelrociodevillamanrique.es\/index.php?rest_route=%2Fwp%2Fv2%2Fmedia&parent=1346"}],"wp:term":[{"taxonomy":"category","embeddable":true,"href":"https:\/\/hermandaddelrociodevillamanrique.es\/index.php?rest_route=%2Fwp%2Fv2%2Fcategories&post=1346"},{"taxonomy":"post_tag","embeddable":true,"href":"https:\/\/hermandaddelrociodevillamanrique.es\/index.php?rest_route=%2Fwp%2Fv2%2Ftags&post=1346"}],"curies":[{"name":"wp","href":"https:\/\/api.w.org\/{rel}","templated":true}]}}